{"id":35,"date":"2012-12-01T16:26:54","date_gmt":"2012-12-01T15:26:54","guid":{"rendered":"http:\/\/www.pwik.pisz.pl\/?p=35"},"modified":"2025-01-03T16:45:03","modified_gmt":"2025-01-03T15:45:03","slug":"cenniki","status":"publish","type":"post","link":"https:\/\/www.pwik.pisz.pl\/?p=35","title":{"rendered":"Ceny wody i \u015bciek\u00f3w"},"content":{"rendered":"<p style=\"text-align: center;\" align=\"center\"><b>Komunikat dotycz\u0105cy op\u0142at za wod\u0119 i \u015bcieki<\/b><\/p>\n<p style=\"text-align: center;\" align=\"center\"><b>\u00a0<\/b>Przedsi\u0119biorstwo Wodoci\u0105g\u00f3w i Kanalizacji Sp. z o.o. w Piszu zawiadamia odbiorc\u00f3w, \u017ce na podstawie decyzji znak BI.RZT.70.43.2023 Dyrektora Regionalnego Zarz\u0105du Gospodarki Wodnej w Bia\u0142ymstoku Pa\u0144stwowego Gospodarstwa Wodnego Wody Polskie z dnia 20 listopada 2023r. wprowadza si\u0119 nowe taryfy za zbiorowe zaopatrzenie w wod\u0119 i zbiorowe odprowadzanie \u015bciek\u00f3w na terenie miasta i gminy Pisz od dnia 16.12.2023r.<\/p>\n<p><!--more--><\/p>\n<p><img loading=\"lazy\" decoding=\"async\" class=\"aligncenter wp-image-929\" src=\"https:\/\/www.pwik.pisz.pl\/wp-content\/uploads\/2025\/01\/Woda-1.png\" alt=\"\" width=\"675\" height=\"369\" \/><\/p>\n<p><img loading=\"lazy\" decoding=\"async\" class=\"aligncenter wp-image-928\" src=\"https:\/\/www.pwik.pisz.pl\/wp-content\/uploads\/2025\/01\/Scieki-1.png\" alt=\"\" width=\"675\" height=\"394\" \/><\/p>\n<a href='https:\/\/www.pwik.pisz.pl\/wp-content\/uploads\/2023\/12\/Tabele-wielkosc-cen-i-stawek-2023.pdf' class='small-button smallsilver' target=\"_blank\">Decyzja RZGW<\/a>\n<a href='https:\/\/www.pwik.pisz.pl\/wp-content\/uploads\/2023\/12\/Tabele-wielkosc-cen-i-stawek-2023.pdf' class='small-button smallsilver' target=\"_blank\">TABELE &#8211; Wielko\u015bci cen i stawek<\/a>\n\n\n<p><\/p>\n","protected":false},"excerpt":{"rendered":"<p>Komunikat dotycz\u0105cy op\u0142at za wod\u0119 i \u015bcieki \u00a0Przedsi\u0119biorstwo Wodoci\u0105g\u00f3w i Kanalizacji Sp. z o.o. w Piszu zawiadamia odbiorc\u00f3w, \u017ce na podstawie decyzji znak BI.RZT.70.43.2023 Dyrektora Regionalnego Zarz\u0105du Gospodarki Wodnej w Bia\u0142ymstoku Pa\u0144stwowego Gospodarstwa Wodnego Wody Polskie z dnia 20 listopada 2023r. wprowadza si\u0119 nowe taryfy za zbiorowe zaopatrzenie w wod\u0119 i zbiorowe odprowadzanie \u015bciek\u00f3w na [&hellip;]<\/p>\n","protected":false},"author":5,"featured_media":273,"comment_status":"open","ping_status":"open","sticky":false,"template":"","format":"standard","meta":{"footnotes":""},"categories":[4,17,5],"tags":[],"class_list":["post-35","post","type-post","status-publish","format-standard","has-post-thumbnail","hentry","category-aktualnosci","category-cenniki","category-obsluga-klienta"],"_links":{"self":[{"href":"https:\/\/www.pwik.pisz.pl\/index.php?rest_route=\/wp\/v2\/posts\/35","targetHints":{"allow":["GET"]}}],"collection":[{"href":"https:\/\/www.pwik.pisz.pl\/index.php?rest_route=\/wp\/v2\/posts"}],"about":[{"href":"https:\/\/www.pwik.pisz.pl\/index.php?rest_route=\/wp\/v2\/types\/post"}],"author":[{"embeddable":true,"href":"https:\/\/www.pwik.pisz.pl\/index.php?rest_route=\/wp\/v2\/users\/5"}],"replies":[{"embeddable":true,"href":"https:\/\/www.pwik.pisz.pl\/index.php?rest_route=%2Fwp%2Fv2%2Fcomments&post=35"}],"version-history":[{"count":24,"href":"https:\/\/www.pwik.pisz.pl\/index.php?rest_route=\/wp\/v2\/posts\/35\/revisions"}],"predecessor-version":[{"id":1402,"href":"https:\/\/www.pwik.pisz.pl\/index.php?rest_route=\/wp\/v2\/posts\/35\/revisions\/1402"}],"wp:featuredmedia":[{"embeddable":true,"href":"https:\/\/www.pwik.pisz.pl\/index.php?rest_route=\/wp\/v2\/media\/273"}],"wp:attachment":[{"href":"https:\/\/www.pwik.pisz.pl\/index.php?rest_route=%2Fwp%2Fv2%2Fmedia&parent=35"}],"wp:term":[{"taxonomy":"category","embeddable":true,"href":"https:\/\/www.pwik.pisz.pl\/index.php?rest_route=%2Fwp%2Fv2%2Fcategories&post=35"},{"taxonomy":"post_tag","embeddable":true,"href":"https:\/\/www.pwik.pisz.pl\/index.php?rest_route=%2Fwp%2Fv2%2Ftags&post=35"}],"curies":[{"name":"wp","href":"https:\/\/api.w.org\/{rel}","templated":true}]}}